{"id":991,"date":"2023-07-11T08:53:17","date_gmt":"2023-07-11T06:53:17","guid":{"rendered":"https:\/\/wwwww.blumi.photo\/?p=991"},"modified":"2024-01-11T16:41:21","modified_gmt":"2024-01-11T15:41:21","slug":"gdpr","status":"publish","type":"post","link":"https:\/\/blumi.photo\/sk\/o-nas\/gdpr\/","title":{"rendered":"GDPR"},"content":{"rendered":"\n<p>GDPR \u2013 INFORM\u00c1CIE O SPRACOVAN\u00cd OSOBN\u00ddCH \u00daDAJOV<\/p>\n\n\n\n<p>Od na\u0161ich nakupuj\u00facich aj potenci\u00e1lnych z\u00e1kazn\u00edkov dost\u00e1vame niektor\u00e9 osobn\u00e9 \u00fadaje, ktor\u00e9 spracov\u00e1vame v s\u00falade so v\u0161eobecn\u00fdm nariaden\u00edm o ochrane osobn\u00fdch \u00fadajov (nariadenie Eur\u00f3pskeho parlamentu a rady (E\u00da) 2016\/679, \u010falej len \u201eNariadenie\u201c).<\/p>\n\n\n\n<ol class=\"wp-block-list\">\n<li>SP\u00d4SOB A \u00da\u010cEL SPRACOVANIA OSOBN\u00ddCH \u00daDAJOV<br>1.1 VYTVORENIE A VEDENIE \u00da\u010cTU<\/li>\n<\/ol>\n\n\n\n<p>1.1.1 Pred za\u010dat\u00edm spolupr\u00e1ce v\u00e1m vytvor\u00edme u\u017e\u00edvate\u013esk\u00fd \u00fa\u010det. Pri zalo\u017een\u00ed u\u017e\u00edvate\u013esk\u00e9ho \u00fa\u010dtu, ktor\u00fd v\u00e1m umo\u017en\u00ed vyu\u017e\u00edva\u0165 na\u0161e slu\u017eby, po v\u00e1s budeme po\u017eadova\u0165 iba va\u0161u e-mailov\u00fa adresu a heslo. Budete sa potom m\u00f4c\u0165 prihl\u00e1si\u0165 pomocou rovnak\u00fdch prihlasovac\u00edch \u00fadajov na ktoromko\u013evek zariaden\u00ed a odkia\u013eko\u013evek a pri \u010fal\u0161om kontakte sa nebudete musie\u0165 znova registrova\u0165.<\/p>\n\n\n\n<p>1.1.2 Poskytnut\u00e9 \u00fadaje pou\u017eijeme pre zaistenie pr\u00edstupu k v\u00e1\u0161mu \u00fa\u010dtu. Na zadan\u00fa emailov\u00fa adresu v\u00e1m po\u0161leme v\u00fdzvu na aktiv\u00e1ciu v\u00e1\u0161ho \u00fa\u010dtu. Heslo, ktor\u00e9 budete pozna\u0165 len vy, v\u00e1m zabezpe\u010d\u00ed v\u00e1\u0161 \u00fa\u010det pred neopr\u00e1vnen\u00fdm pou\u017eit\u00edm.<\/p>\n\n\n\n<p>1.1.3 Pokia\u013e n\u00e1m d\u00e1te s\u00fahlas s veden\u00edm u\u017e\u00edvate\u013esk\u00e9ho \u00fa\u010dtu po dlh\u0161iu dobu, budeme spracov\u00e1va\u0165 d\u00e1tum zalo\u017eenia \u00fa\u010dtu, zoznam va\u0161ich objedn\u00e1vok, da\u0148ov\u00fdch dokladov a d\u00e1tum posledn\u00e9ho prihl\u00e1senia k \u00fa\u010dtu.<\/p>\n\n\n\n<p>1.1.4 Uveden\u00e9 osobn\u00e9 \u00fadaje budeme spracov\u00e1va\u0165 po cel\u00fa dobu trvania v\u00e1\u0161ho u\u017e\u00edvate\u013esk\u00e9ho \u00fa\u010dtu.<\/p>\n\n\n\n<p>1.1.5 V\u00e1\u0161 u\u017e\u00edvate\u013esk\u00fd \u00fa\u010det m\u00f4\u017eete kedyko\u013evek zru\u0161i\u0165. V takom pr\u00edpade bud\u00fa Va\u0161e osobn\u00e9 \u00fadaje, ktor\u00e9 spracov\u00e1vame nad r\u00e1mec z\u00e1konn\u00fdch povinnost\u00ed a plnen\u00ed na\u0161ich z\u00e1v\u00e4zkov, vymazan\u00e9.<\/p>\n\n\n\n<p>1.2 NAKLADANIE S OBJEDN\u00c1VKAMI<\/p>\n\n\n\n<p>1.2.1 Pri ka\u017edom objednan\u00ed na\u0161ich v\u00fdrobkov a slu\u017eieb od v\u00e1s po\u017eadujeme zoznam vami objedn\u00e1van\u00fdch produktov a ich po\u010det. \u010ealej budeme po\u017eadova\u0165 email, na ktor\u00fd budeme posiela\u0165 spr\u00e1vy o stave objedn\u00e1vky. Tie\u017e budeme po\u017eadova\u0165 meno a priezvisko, doru\u010dovaciu adresu, telef\u00f3nne \u010d\u00edslo, ktor\u00e9 odovzd\u00e1me dopravcovi, aby v\u00e1m mohol doru\u010di\u0165 objednan\u00e9 produkty.<\/p>\n\n\n\n<p>1.2.2 Osobn\u00e9 \u00fadaje na objedn\u00e1vkach budeme uklada\u0165 po dobu stanoven\u00fa da\u0148ov\u00fdmi predpismi.<\/p>\n\n\n\n<p>1.3 NAKLADANIE S FOTKAMI A TEXTA<\/p>\n\n\n\n<p>1.3.1 V s\u00favislosti s objednan\u00edm produktov a slu\u017eieb n\u00e1m budete zasiela\u0165 va\u0161e fotky a texty, ktor\u00e9 tie\u017e poklad\u00e1me za osobn\u00e9 \u00fadaje.<\/p>\n\n\n\n<p>1.3.2 Vami zaslan\u00e9 fotky a texty pou\u017eijeme iba na v\u00fdrobu objednan\u00fdch produktov. Budeme ich spracov\u00e1va\u0165 automaticky. V pr\u00edpade technick\u00fdch probl\u00e9mov s va\u0161imi zaslan\u00fdmi d\u00e1tami ich budeme opravova\u0165 ru\u010dne. So zaslan\u00fdmi d\u00e1tami \u010falej nebudeme pracova\u0165, nijako ich nebudeme vyhodnocova\u0165, zara\u010fova\u0165 ich do kateg\u00f3ri\u00ed a nevykon\u00e1va\u0165 s nimi \u017eiadne spracovate\u013esk\u00e9 oper\u00e1cie s v\u00fdnimkou ich do\u010dasn\u00e9ho ulo\u017eenia na na\u0161ich serveroch pre potreby v\u00fdroby a pr\u00edpadn\u00fdch reklam\u00e1ci\u00ed.<\/p>\n\n\n\n<p>1.3.3 Va\u0161e fotky a texty zma\u017eeme po uplynut\u00ed z\u00e1ru\u010dnej lehoty.<\/p>\n\n\n\n<p>1.3.4. Pokia\u013e pri v\u00fdrobe vznikn\u00fa chybn\u00e9 v\u00fdrobky alebo ich \u010dasti, skartujeme ich, aby fotky nemohol nikto prezera\u0165.<\/p>\n\n\n\n<p>1.4 Z\u00c1KAZN\u00cdCKA PODPORA<\/p>\n\n\n\n<p>1.4.1 Ak kontaktujete na\u0161u z\u00e1kazn\u00edcku podporu, pou\u017eijeme va\u0161e osobn\u00e9 \u00fadaje na spracovanie va\u0161ej po\u017eiadavky a zaistenie najlep\u0161ej mo\u017enej \u00farovne na\u0161ich slu\u017eieb.<\/p>\n\n\n\n<p>1.4.2 Aby sme mohli rie\u0161i\u0165 va\u0161e po\u017eiadavky r\u00fdchlo a presne, budeme uchov\u00e1va\u0165 komunik\u00e1ciu s vami po dobu nevyhnutn\u00fa na vyrie\u0161enie va\u0161ich po\u017eiadaviek, naj\u010dastej\u0161ie do konca z\u00e1ru\u010dnej lehoty.<\/p>\n\n\n\n<p>1.4.3 Komunik\u00e1ciu v niektor\u00fdch pr\u00edpadoch archivujeme za \u00fa\u010delom na\u0161ej ochrany v s\u00favislosti s pr\u00edpadn\u00fdmi s\u0165a\u017enos\u0165ami na kvalitu na\u0161ich slu\u017eieb, s\u0165a\u017enos\u0165ami u org\u00e1nov na ochranu spotrebite\u013ea alebo s\u00fadnymi \u017ealobami, najdlh\u0161ie v\u0161ak 2 roky.<\/p>\n\n\n\n<p>1.5 EDITOR BLUMI<\/p>\n\n\n\n<p>1.5.1 Na \u00fa\u010dely zlep\u0161ovania na\u0161ich softv\u00e9rov\u00fdch aplik\u00e1ci\u00ed na vytv\u00e1ranie a objedn\u00e1vanie produktov sledujeme, ako pou\u017e\u00edvatelia pou\u017e\u00edvaj\u00fa na\u0161e aplik\u00e1cie, aby sme ich mohli vylep\u0161ova\u0165 pod\u013ea skuto\u010dn\u00fdch potrieb u\u017e\u00edvate\u013eov. Z\u00edskan\u00e9 \u00fadaje vyhodnocujeme \u0161tatisticky a nikdy ich nebudeme prira\u010fova\u0165 k va\u0161ej osobe. Psokytovate\u013eom webov\u00e9ho rie\u0161enia a sprostredkovate\u013eom spracovania va\u0161ich \u00fadajov je Printbox Sp. z o.o. Rynek G\u0142\u00f3wny 17, 31-008 Krak\u00f3w, Poland.<\/p>\n\n\n\n<p>1.6 N\u00c1V\u0160TEVA WEBOV\u00ddCH STR\u00c1NOK BLUMI<br>1.6.1 Na \u00fa\u010dely zlep\u0161ovania na\u0161ich slu\u017eieb sledujeme, ako n\u00e1v\u0161tevn\u00edci pou\u017e\u00edvaj\u00fa na\u0161e str\u00e1nky. Z\u00edskan\u00e9 \u00fadaje vyhodnocujeme \u0161tatisticky a nikdy ich nebudeme prira\u010fova\u0165 k va\u0161ej osobe.<\/p>\n\n\n\n<p>1.6.2 V pr\u00edpade, \u017ee n\u00e1m d\u00e1te s\u00fahlas, budeme tie\u017e zhroma\u017e\u010fova\u0165 inform\u00e1cie o tom, ktor\u00e9 na\u0161e webov\u00e9 str\u00e1nky nav\u0161tevujete a ako ich pou\u017e\u00edvate. Tieto osobn\u00e9 \u00fadaje pou\u017e\u00edvame na prisp\u00f4sobenie obsahu webov\u00fdch str\u00e1nok, z\u013eavov\u00fdch pon\u00fak, \u00fapravu na\u0161ich produktov a slu\u017eieb, aby sme v\u00e1m nepon\u00fakali produkty a slu\u017eby, ktor\u00e9 v\u00e1s nemusia nezauj\u00edma\u0165.<\/p>\n\n\n\n<p>1.7 NA\u0160E Z\u00c1UJMY<\/p>\n\n\n\n<p>1.7.1 Je pre n\u00e1s k\u013e\u00fa\u010dov\u00e9, aby sme s vami mohli udr\u017eiava\u0165 kontakt a informova\u0165 v\u00e1s o nov\u00fdch produktoch, ak\u010dn\u00fdch ponuk\u00e1ch a \u010fal\u0161\u00edch novink\u00e1ch t\u00fdkaj\u00facich sa na\u0161ich slu\u017eieb (\u010falej len \u201eobchodn\u00e9 ozn\u00e1menie\u201c), ktor\u00e9 ako u\u017e\u00edvatelia s u\u017e\u00edvate\u013esk\u00fdm \u00fa\u010dtom vyu\u017e\u00edvate.<\/p>\n\n\n\n<p>1.7.2 V pr\u00edpade, \u017ee n\u00e1m d\u00e1te s\u00fahlas so zasielan\u00edm obchodn\u00fdch ozn\u00e1men\u00ed, budeme v\u00e1m m\u00f4c\u0165 zasla\u0165 obchodn\u00e9 ozn\u00e1menie elektronicky alebo po\u0161tou. Za \u00fa\u010delom zasielania obchodn\u00fdch ozn\u00e1men\u00ed pou\u017eijeme va\u0161u emailov\u00fa adresu, v pr\u00edpade tla\u010denej reklamy va\u0161e meno a priezvisko a doru\u010dovaciu adresu.<\/p>\n\n\n\n<p>1.7.3 Takto udelen\u00fd s\u00fahlas m\u00f4\u017eete kedyko\u013evek odvola\u0165, a to bezodplatne a bez ak\u00fdchko\u013evek sankci\u00ed, odhl\u00e1sen\u00edm pomocou tla\u010didla v zaslanom emaile alebo v nastaven\u00ed vo va\u0161om u\u017e\u00edvate\u013eskom \u00fa\u010dte.<\/p>\n\n\n\n<ol class=\"wp-block-list\" start=\"2\">\n<li>DOBA ULO\u017dENIA OSOBN\u00ddCH \u00daDAJOV<br>2.1 Osobn\u00e9 \u00fadaje spracov\u00e1vame po dobu trvania zmluvn\u00e9ho vz\u0165ahu \u010di in\u00e9ho pr\u00e1vneho titulu, ktor\u00fd n\u00e1m umo\u017e\u0148uje va\u0161e osobn\u00e9 \u00fadaje spracov\u00e1va\u0165. To znamen\u00e1, \u017ee m\u00e1me nastaven\u00e9 pr\u00edsne vn\u00fatorn\u00e9 pravidl\u00e1, ktor\u00e9 preveruj\u00fa z\u00e1konnos\u0165 dr\u017eania osobn\u00fdch \u00fadajov, a \u017ee \u00fadaje nedr\u017e\u00edme dlh\u0161ie, ne\u017e sme opr\u00e1vnen\u00ed.<\/li>\n<\/ol>\n\n\n\n<p>2.2 Po strate z\u00e1konn\u00e9ho d\u00f4vodu vykon\u00e1vame v\u00fdmaz pr\u00edslu\u0161n\u00fdch osobn\u00fdch \u00fadajov, ak nem\u00e1me in\u00fd z\u00e1konn\u00fd d\u00f4vod na ich spracovanie, alebo s\u00fahlas so spracovan\u00edm.<\/p>\n\n\n\n<p>2.3 Osobn\u00e9 \u00fadaje, ktor\u00e9 spracov\u00e1vame s va\u0161\u00edm s\u00fahlasom, uchov\u00e1vame iba po dobu trvania \u00fa\u010delu, na ktor\u00fd bol s\u00fahlas udelen\u00fd.<\/p>\n\n\n\n<ol class=\"wp-block-list\" start=\"3\">\n<li>POSKYTOVANIE OSOBN\u00ddCH \u00daDAJOV NA\u0160IM PARTNEROM<br>3.1 Na zabezpe\u010denie na\u0161ich slu\u017eieb a va\u0161ej spokojnosti poskytujeme va\u0161e osobn\u00e9 \u00fadaje na\u0161im obchodn\u00fdm partnerom. Partnerom poskytujeme \u00fadaje len nevyhnutn\u00e9 a na dobu nevyhnutne potrebn\u00fa. Presved\u010dili sme sa, ako na\u0161i partneri chr\u00e1nia va\u0161e osobn\u00e9 \u00fadaje pred zneu\u017eit\u00edm.<\/li>\n<\/ol>\n\n\n\n<p>3.2 Va\u0161e fotky a texty potrebn\u00e9 na vyrobenie objednan\u00fdch produktov prij\u00edmame cez dod\u00e1vate\u013eov cloudov\u00fdch slu\u017eieb na prev\u00e1dzkovanie online aplik\u00e1ci\u00ed a na kr\u00e1tkodob\u00e9 skladovanie d\u00e1t. \u010ealej vami zaslan\u00e9 fotky a texty odovzd\u00e1vame v\u00fdrobcom, ktor\u00ed pre n\u00e1s vyr\u00e1baj\u00fa nami pon\u00fakan\u00e9 produkty.<\/p>\n\n\n\n<p>3.3 Va\u0161e adresn\u00e9 a kontaktn\u00e9 \u00fadaje uveden\u00e9 na objedn\u00e1vke zdie\u013eame s dopravcami, ktor\u00ed v\u00e1m doru\u010duj\u00fa objednan\u00e9 produkty.<\/p>\n\n\n\n<p>3.4 V\u00e1\u0161 email budeme odovzd\u00e1va\u0165 do automatick\u00fdch syst\u00e9mov na rozosielanie reklamn\u00fdch emailov.<\/p>\n\n\n\n<p>3.5 Va\u0161u po\u0161tov\u00fa adresu budeme odovzd\u00e1va\u0165 v podobe tla\u010dov\u00fdch d\u00e1t do tla\u010diarne, ktor\u00e1 pre n\u00e1s vytla\u010d\u00ed a rozo\u0161le reklamn\u00e9 tla\u010doviny.<\/p>\n\n\n\n<ol class=\"wp-block-list\" start=\"4\">\n<li>PRED\u00c1VANIE OSOBN\u00ddCH \u00daDAJOV DO TRET\u00cdCH KRAJ\u00cdN<br>4.1 Osobn\u00e9 \u00fadaje spracov\u00e1vame iba v Eur\u00f3pskej \u00fanii, do tret\u00edch kraj\u00edn mimo E\u00da osobn\u00e9 \u00fadaje neodovzd\u00e1vame.<\/li>\n\n\n\n<li>PR\u00c1VA Z\u00c1KAZN\u00cdKOV V S\u00daVISLOSTI S OSOBN\u00ddMI \u00daDAJMI<br>5.1 PR\u00c1VO NA PR\u00cdSTUP K OSOBN\u00ddM \u00daDAJOM<\/li>\n<\/ol>\n\n\n\n<p>5.1.1 M\u00e1te pr\u00e1vo na pr\u00edstup k osobn\u00fdm \u00fadajom t\u00fdkaj\u00facich sa v\u00e1s ako tzv. subjektu \u00fadajov.<\/p>\n\n\n\n<p>5.1.2 Pr\u00edstup k osobn\u00fdm \u00fadajom v\u00e1m umo\u017e\u0148ujeme kedyko\u013evek prostredn\u00edctvom u\u017e\u00edvate\u013esk\u00e9ho \u00fa\u010dtu.<\/p>\n\n\n\n<p>5.1.3 \u010ealej m\u00e1te pr\u00e1vo z\u00edska\u0165 od n\u00e1s potvrdenie, \u010di osobn\u00e9 \u00fadaje, ktor\u00e9 sa v\u00e1s t\u00fdkaj\u00fa, s\u00fa alebo nie s\u00fa spracov\u00e1van\u00e9, a ak je to tak, m\u00e1te pr\u00e1vo vy\u017eiada\u0165 si k\u00f3piu t\u00fdchto osobn\u00fdch \u00fadajov.<\/p>\n\n\n\n<p>5.1.4 Preto\u017ee s vami komunikujeme v\u00fdhradne v elektronickej forme, bud\u00fa v\u00e1m pr\u00edpadn\u00e9 k\u00f3pie osobn\u00fdch \u00fadajov poskytnut\u00e9 aj elektronicky vo forme, ktor\u00e1 sa be\u017ene pou\u017e\u00edva. Za \u00fa\u010delom overenia toto\u017enosti osoby po\u017eaduj\u00facej pr\u00edstup k osobn\u00fdm \u00fadajom budeme reagova\u0165 iba na \u017eiadosti odoslan\u00e9 prihl\u00e1sen\u00fdm u\u017e\u00edvate\u013eom.<\/p>\n\n\n\n<p>5.2 PR\u00c1VO NA OPRAVU OSOBN\u00ddCH \u00daDAJOV<\/p>\n\n\n\n<p>5.2. 1 Ak sa domnievate, \u017ee osobn\u00e9 \u00fadaje, ktor\u00e9 o v\u00e1s spracov\u00e1vame, s\u00fa nepresn\u00e9 alebo ne\u00fapln\u00e9, m\u00e1te pr\u00e1vo ich opravi\u0165 alebo doplni\u0165 prostredn\u00edctvom svojho u\u017e\u00edvate\u013esk\u00e9ho \u00fa\u010dtu, pr\u00edpadne n\u00e1s po\u017eiada\u0165 o ich opravu alebo doplnenie.<br>5.3 PR\u00c1VO NA V\u00ddMAZ (\u201ePR\u00c1VO BY\u0164 ZABUDNU\u0164\u201c)<\/p>\n\n\n\n<p>5.3.1 M\u00e1te pr\u00e1vo po\u017eadova\u0165, aby sme bez zbyto\u010dn\u00e9ho odkladu vymazali osobn\u00e9 \u00fadaje, ktor\u00e9 sa v\u00e1s t\u00fdkaj\u00fa, av\u0161ak iba, ak je dan\u00fd ktor\u00fdko\u013evek z d\u00f4vodov uveden\u00fdch v \u010dl. 17 Nariadenia<\/p>\n\n\n\n<p>5.3.2 Sme n\u00e1sledne povinn\u00ed osobn\u00e9 \u00fadaje, ktor\u00e9 sa v\u00e1s t\u00fdkaj\u00fa, skuto\u010dne vymaza\u0165, existuj\u00fa v\u0161ak v\u00fdnimky stanoven\u00e9 pr\u00e1vnymi predpismi. Ak sa tak\u00e1to v\u00fdnimka vz\u0165ahuje aj na va\u0161u \u017eiados\u0165 o v\u00fdmaz osobn\u00fdch \u00fadajov, ozn\u00e1mime v\u00e1m to.<\/p>\n\n\n\n<p>5.4 PR\u00c1VO NA OBMEDZENIE SPRACOVANIA<\/p>\n\n\n\n<p>5.4.1 M\u00e1te pr\u00e1vo na obmedzenie spracovania, a to v ktoromko\u013evek z pr\u00edpadov uveden\u00fdch v \u010dl. 18 Nariadenia.<\/p>\n\n\n\n<p>5.5 PR\u00c1VO VZNIES\u0164 N\u00c1MITKU PROTI SPRACOVANIU OSOBN\u00ddCH \u00daDAJOV, KTOR\u00c9 SA V\u00c1S T\u00ddKAJ\u00da<\/p>\n\n\n\n<p>5.5.1 M\u00e1te pr\u00e1vo vznies\u0165 n\u00e1mietku proti spracovaniu osobn\u00fdch \u00fadajov, ktor\u00e9 sa v\u00e1s t\u00fdkaj\u00fa, a to vtedy, ak spracov\u00e1vame osobn\u00e9 \u00fadaje na z\u00e1klade \u010dl\u00e1nku 6 ods. 1 p\u00edsm. f) Nariadenie, teda ak od\u00f4vod\u0148ujeme spracovanie t\u00fdm, \u017ee je nevyhnutn\u00e9 na \u00fa\u010dely na\u0161ich opr\u00e1vnen\u00fdch z\u00e1ujmov.<\/p>\n\n\n\n<p>5.5.2 \u010ealej m\u00e1te pr\u00e1vo vznies\u0165 n\u00e1mietku proti spracovaniu va\u0161ich osobn\u00fdch \u00fadajov na \u00fa\u010dely priameho marketingu vr\u00e1tane pr\u00edpadn\u00e9ho profilovania. V praxi to znamen\u00e1, \u017ee m\u00f4\u017eete vznies\u0165 n\u00e1mietku proti zasielaniu obchodn\u00fdch ozn\u00e1men\u00ed. V takom pr\u00edpade v\u00e1m obchodn\u00e9 ozn\u00e1menie zasiela\u0165 nebudeme.<\/p>\n\n\n\n<p>5.6 PR\u00c1VO NA PRENOSITE\u013dNOS\u0164 OSOBN\u00ddCH \u00daDAJOV<\/p>\n\n\n\n<p>5.6.1 M\u00e1te pr\u00e1vo z\u00edska\u0165 osobn\u00e9 \u00fadaje, ktor\u00e9 sa v\u00e1s t\u00fdkaj\u00fa, v \u0161trukt\u00farovanom, be\u017ene pou\u017e\u00edvanom a strojovo \u010ditate\u013enom form\u00e1te, a pr\u00edpadne pr\u00e1vo preda\u0165 tieto \u00fadaje in\u00e9mu subjektu bez toho, aby sme v\u00e1m v tom br\u00e1nili.<\/p>\n\n\n\n<p>5.6.2 M\u00e1te tie\u017e pr\u00e1vo po\u017eiada\u0165 n\u00e1s o odovzdanie Va\u0161ich osobn\u00fdch \u00fadajov in\u00e9mu subjektu, ktor\u00fd vystupuje v \u00falohe tzv. spr\u00e1vcu osobn\u00fdch \u00fadajov, ak to v\u0161ak bude technicky uskuto\u010dnite\u013en\u00e9.<\/p>\n\n\n\n<p>5.7 PR\u00c1VO ODVOLA\u0164 S\u00daHLAS SO SPRACOVAN\u00cdM OSOBN\u00ddCH \u00daDAJOV<\/p>\n\n\n\n<p>5.7.1 Ak ste n\u00e1m poskytli s\u00fahlas so spracovan\u00edm osobn\u00fdch \u00fadajov na \u00fa\u010dely, ktor\u00e9 tak\u00fd s\u00fahlas vy\u017eaduj\u00fa, m\u00e1te pr\u00e1vo kedyko\u013evek tento s\u00fahlas odvola\u0165. Odvolan\u00edm s\u00fahlasu nie je dotknut\u00e1 z\u00e1konnos\u0165 spracovania vych\u00e1dzaj\u00faceho zo s\u00fahlasu, ktor\u00fd bol dan\u00fd pred jeho odvolan\u00edm.<\/p>\n\n\n\n<p>5.7.2 Odvolanie s\u00fahlasu m\u00f4\u017eete urobi\u0165 prostredn\u00edctvom svojho u\u017e\u00edvate\u013esk\u00e9ho \u00fa\u010dtu.<\/p>\n\n\n\n<p>5.8 PR\u00c1VO PODA\u0164 S\u0164A\u017dNOS\u0164 U DOZOROV\u00c9HO \u00daRADU<\/p>\n\n\n\n<p>5.8.1 M\u00e1te pr\u00e1vo poda\u0165 s\u0165a\u017enos\u0165 na dozornom \u00farade, a to v pr\u00edpade, \u017ee sa domnievate, \u017ee spracovan\u00edm osobn\u00fdch \u00fadajov doch\u00e1dza k poru\u0161eniu pr\u00e1vnych predpisov. S\u0165a\u017enos\u0165 m\u00f4\u017eete poda\u0165 na dozornom \u00farade, ktor\u00fdm je \u00darad pre ochranu osobn\u00fdch \u00fadajov (\u00daOO\u00da)<\/p>\n\n\n\n<p>5.9 SP\u00d4SOB UPLATNENIA VA\u0160ICH PR\u00c1V<\/p>\n\n\n\n<p>5.9.1 Svoje pr\u00e1va na ochranu osobn\u00fdch \u00fadajov m\u00f4\u017eete uplatni\u0165 iba p\u00edsomne zaslan\u00edm \u017eiadosti \u010di n\u00e1mietky na info@blumi.photo alebo na adresu Blumi, Na Sihoti 17. 941 07 Ve\u013ek\u00fd K\u00fdr. Upozor\u0148ujeme na to, \u017ee budeme po\u017eadova\u0165 overenie va\u0161ej toto\u017enosti.<\/p>\n","protected":false},"excerpt":{"rendered":"<p>GDPR \u2013 INFORM\u00c1CIE O SPRACOVAN\u00cd OSOBN\u00ddCH \u00daDAJOV Od na\u0161ich nakupuj\u00facich aj potenci\u00e1lnych z\u00e1kazn\u00edkov dost\u00e1vame niektor\u00e9 osobn\u00e9 \u00fadaje, ktor\u00e9 spracov\u00e1vame v s\u00falade so v\u0161eobecn\u00fdm nariaden\u00edm o ochrane osobn\u00fdch \u00fadajov (nariadenie Eur\u00f3pskeho parlamentu a rady (E\u00da) 2016\/679, \u010falej len \u201eNariadenie\u201c). 1.1.1 Pred za\u010dat\u00edm spolupr\u00e1ce v\u00e1m vytvor\u00edme u\u017e\u00edvate\u013esk\u00fd \u00fa\u010det. Pri zalo\u017een\u00ed u\u017e\u00edvate\u013esk\u00e9ho \u00fa\u010dtu, ktor\u00fd v\u00e1m umo\u017en\u00ed vyu\u017e\u00edva\u0165 na\u0161e [&hellip;]<\/p>\n","protected":false},"author":1,"featured_media":0,"comment_status":"closed","ping_status":"closed","sticky":false,"template":"","format":"standard","meta":{"_et_pb_use_builder":"off","_et_pb_old_content":"","_et_gb_content_width":"","footnotes":""},"categories":[80],"tags":[],"class_list":["post-991","post","type-post","status-publish","format-standard","hentry","category-o-nas"],"yoast_head":"<!-- This site is optimized with the Yoast SEO plugin v27.0 - https:\/\/yoast.com\/product\/yoast-seo-wordpress\/ -->\n<title>GDPR - blumi.photo<\/title>\n<meta name=\"robots\" content=\"index, follow, max-snippet:-1, max-image-preview:large, max-video-preview:-1\" \/>\n<link rel=\"canonical\" href=\"https:\/\/blumi.photo\/sk\/o-nas\/gdpr\/\" \/>\n<meta property=\"og:locale\" content=\"sk_SK\" \/>\n<meta property=\"og:type\" content=\"article\" \/>\n<meta property=\"og:title\" content=\"GDPR - blumi.photo\" \/>\n<meta property=\"og:description\" content=\"GDPR \u2013 INFORM\u00c1CIE O SPRACOVAN\u00cd OSOBN\u00ddCH \u00daDAJOV Od na\u0161ich nakupuj\u00facich aj potenci\u00e1lnych z\u00e1kazn\u00edkov dost\u00e1vame niektor\u00e9 osobn\u00e9 \u00fadaje, ktor\u00e9 spracov\u00e1vame v s\u00falade so v\u0161eobecn\u00fdm nariaden\u00edm o ochrane osobn\u00fdch \u00fadajov (nariadenie Eur\u00f3pskeho parlamentu a rady (E\u00da) 2016\/679, \u010falej len \u201eNariadenie\u201c). 1.1.1 Pred za\u010dat\u00edm spolupr\u00e1ce v\u00e1m vytvor\u00edme u\u017e\u00edvate\u013esk\u00fd \u00fa\u010det. Pri zalo\u017een\u00ed u\u017e\u00edvate\u013esk\u00e9ho \u00fa\u010dtu, ktor\u00fd v\u00e1m umo\u017en\u00ed vyu\u017e\u00edva\u0165 na\u0161e [&hellip;]\" \/>\n<meta property=\"og:url\" content=\"https:\/\/blumi.photo\/sk\/o-nas\/gdpr\/\" \/>\n<meta property=\"og:site_name\" content=\"blumi.photo\" \/>\n<meta property=\"article:published_time\" content=\"2023-07-11T06:53:17+00:00\" \/>\n<meta property=\"article:modified_time\" content=\"2024-01-11T15:41:21+00:00\" \/>\n<meta name=\"author\" content=\"Super Admin\" \/>\n<meta name=\"twitter:card\" content=\"summary_large_image\" \/>\n<meta name=\"twitter:label1\" content=\"Autor\" \/>\n\t<meta name=\"twitter:data1\" content=\"Super Admin\" \/>\n\t<meta name=\"twitter:label2\" content=\"Predpokladan\u00fd \u010das \u010d\u00edtania\" \/>\n\t<meta name=\"twitter:data2\" content=\"9 min\u00fat\" \/>\n<script type=\"application\/ld+json\" class=\"yoast-schema-graph\">{\"@context\":\"https:\/\/schema.org\",\"@graph\":[{\"@type\":\"Article\",\"@id\":\"https:\/\/blumi.photo\/sk\/o-nas\/gdpr\/#article\",\"isPartOf\":{\"@id\":\"https:\/\/blumi.photo\/sk\/o-nas\/gdpr\/\"},\"author\":{\"name\":\"Super Admin\",\"@id\":\"https:\/\/blumi.photo\/sk\/#\/schema\/person\/e7ad2c7810aea2ce661babc4bc21800f\"},\"headline\":\"GDPR\",\"datePublished\":\"2023-07-11T06:53:17+00:00\",\"dateModified\":\"2024-01-11T15:41:21+00:00\",\"mainEntityOfPage\":{\"@id\":\"https:\/\/blumi.photo\/sk\/o-nas\/gdpr\/\"},\"wordCount\":2080,\"publisher\":{\"@id\":\"https:\/\/blumi.photo\/sk\/#organization\"},\"articleSection\":[\"O n\u00e1s\"],\"inLanguage\":\"sk-SK\"},{\"@type\":\"WebPage\",\"@id\":\"https:\/\/blumi.photo\/sk\/o-nas\/gdpr\/\",\"url\":\"https:\/\/blumi.photo\/sk\/o-nas\/gdpr\/\",\"name\":\"GDPR - blumi.photo\",\"isPartOf\":{\"@id\":\"https:\/\/blumi.photo\/sk\/#website\"},\"datePublished\":\"2023-07-11T06:53:17+00:00\",\"dateModified\":\"2024-01-11T15:41:21+00:00\",\"breadcrumb\":{\"@id\":\"https:\/\/blumi.photo\/sk\/o-nas\/gdpr\/#breadcrumb\"},\"inLanguage\":\"sk-SK\",\"potentialAction\":[{\"@type\":\"ReadAction\",\"target\":[\"https:\/\/blumi.photo\/sk\/o-nas\/gdpr\/\"]}]},{\"@type\":\"BreadcrumbList\",\"@id\":\"https:\/\/blumi.photo\/sk\/o-nas\/gdpr\/#breadcrumb\",\"itemListElement\":[{\"@type\":\"ListItem\",\"position\":1,\"name\":\"Home\",\"item\":\"https:\/\/blumi.photo\/sk\/\"},{\"@type\":\"ListItem\",\"position\":2,\"name\":\"GDPR\"}]},{\"@type\":\"WebSite\",\"@id\":\"https:\/\/blumi.photo\/sk\/#website\",\"url\":\"https:\/\/blumi.photo\/sk\/\",\"name\":\"blumi.photo\",\"description\":\"Photobook | Canvas | Photocalendar\",\"publisher\":{\"@id\":\"https:\/\/blumi.photo\/sk\/#organization\"},\"potentialAction\":[{\"@type\":\"SearchAction\",\"target\":{\"@type\":\"EntryPoint\",\"urlTemplate\":\"https:\/\/blumi.photo\/sk\/?s={search_term_string}\"},\"query-input\":{\"@type\":\"PropertyValueSpecification\",\"valueRequired\":true,\"valueName\":\"search_term_string\"}}],\"inLanguage\":\"sk-SK\"},{\"@type\":\"Organization\",\"@id\":\"https:\/\/blumi.photo\/sk\/#organization\",\"name\":\"blumi.photo\",\"url\":\"https:\/\/blumi.photo\/sk\/\",\"logo\":{\"@type\":\"ImageObject\",\"inLanguage\":\"sk-SK\",\"@id\":\"https:\/\/blumi.photo\/sk\/#\/schema\/logo\/image\/\",\"url\":\"https:\/\/wwwww.blumi.photo\/wp-content\/uploads\/2023\/07\/Blumi_logo2.png\",\"contentUrl\":\"https:\/\/wwwww.blumi.photo\/wp-content\/uploads\/2023\/07\/Blumi_logo2.png\",\"width\":374,\"height\":144,\"caption\":\"blumi.photo\"},\"image\":{\"@id\":\"https:\/\/blumi.photo\/sk\/#\/schema\/logo\/image\/\"}},{\"@type\":\"Person\",\"@id\":\"https:\/\/blumi.photo\/sk\/#\/schema\/person\/e7ad2c7810aea2ce661babc4bc21800f\",\"name\":\"Super Admin\",\"sameAs\":[\"https:\/\/wwwww.blumi.photo\"],\"url\":\"https:\/\/blumi.photo\/sk\/author\/infoblumi-photo\/\"}]}<\/script>\n<!-- \/ Yoast SEO plugin. -->","yoast_head_json":{"title":"GDPR - blumi.photo","robots":{"index":"index","follow":"follow","max-snippet":"max-snippet:-1","max-image-preview":"max-image-preview:large","max-video-preview":"max-video-preview:-1"},"canonical":"https:\/\/blumi.photo\/sk\/o-nas\/gdpr\/","og_locale":"sk_SK","og_type":"article","og_title":"GDPR - blumi.photo","og_description":"GDPR \u2013 INFORM\u00c1CIE O SPRACOVAN\u00cd OSOBN\u00ddCH \u00daDAJOV Od na\u0161ich nakupuj\u00facich aj potenci\u00e1lnych z\u00e1kazn\u00edkov dost\u00e1vame niektor\u00e9 osobn\u00e9 \u00fadaje, ktor\u00e9 spracov\u00e1vame v s\u00falade so v\u0161eobecn\u00fdm nariaden\u00edm o ochrane osobn\u00fdch \u00fadajov (nariadenie Eur\u00f3pskeho parlamentu a rady (E\u00da) 2016\/679, \u010falej len \u201eNariadenie\u201c). 1.1.1 Pred za\u010dat\u00edm spolupr\u00e1ce v\u00e1m vytvor\u00edme u\u017e\u00edvate\u013esk\u00fd \u00fa\u010det. Pri zalo\u017een\u00ed u\u017e\u00edvate\u013esk\u00e9ho \u00fa\u010dtu, ktor\u00fd v\u00e1m umo\u017en\u00ed vyu\u017e\u00edva\u0165 na\u0161e [&hellip;]","og_url":"https:\/\/blumi.photo\/sk\/o-nas\/gdpr\/","og_site_name":"blumi.photo","article_published_time":"2023-07-11T06:53:17+00:00","article_modified_time":"2024-01-11T15:41:21+00:00","author":"Super Admin","twitter_card":"summary_large_image","twitter_misc":{"Autor":"Super Admin","Predpokladan\u00fd \u010das \u010d\u00edtania":"9 min\u00fat"},"schema":{"@context":"https:\/\/schema.org","@graph":[{"@type":"Article","@id":"https:\/\/blumi.photo\/sk\/o-nas\/gdpr\/#article","isPartOf":{"@id":"https:\/\/blumi.photo\/sk\/o-nas\/gdpr\/"},"author":{"name":"Super Admin","@id":"https:\/\/blumi.photo\/sk\/#\/schema\/person\/e7ad2c7810aea2ce661babc4bc21800f"},"headline":"GDPR","datePublished":"2023-07-11T06:53:17+00:00","dateModified":"2024-01-11T15:41:21+00:00","mainEntityOfPage":{"@id":"https:\/\/blumi.photo\/sk\/o-nas\/gdpr\/"},"wordCount":2080,"publisher":{"@id":"https:\/\/blumi.photo\/sk\/#organization"},"articleSection":["O n\u00e1s"],"inLanguage":"sk-SK"},{"@type":"WebPage","@id":"https:\/\/blumi.photo\/sk\/o-nas\/gdpr\/","url":"https:\/\/blumi.photo\/sk\/o-nas\/gdpr\/","name":"GDPR - blumi.photo","isPartOf":{"@id":"https:\/\/blumi.photo\/sk\/#website"},"datePublished":"2023-07-11T06:53:17+00:00","dateModified":"2024-01-11T15:41:21+00:00","breadcrumb":{"@id":"https:\/\/blumi.photo\/sk\/o-nas\/gdpr\/#breadcrumb"},"inLanguage":"sk-SK","potentialAction":[{"@type":"ReadAction","target":["https:\/\/blumi.photo\/sk\/o-nas\/gdpr\/"]}]},{"@type":"BreadcrumbList","@id":"https:\/\/blumi.photo\/sk\/o-nas\/gdpr\/#breadcrumb","itemListElement":[{"@type":"ListItem","position":1,"name":"Home","item":"https:\/\/blumi.photo\/sk\/"},{"@type":"ListItem","position":2,"name":"GDPR"}]},{"@type":"WebSite","@id":"https:\/\/blumi.photo\/sk\/#website","url":"https:\/\/blumi.photo\/sk\/","name":"blumi.photo","description":"Photobook | Canvas | Photocalendar","publisher":{"@id":"https:\/\/blumi.photo\/sk\/#organization"},"potentialAction":[{"@type":"SearchAction","target":{"@type":"EntryPoint","urlTemplate":"https:\/\/blumi.photo\/sk\/?s={search_term_string}"},"query-input":{"@type":"PropertyValueSpecification","valueRequired":true,"valueName":"search_term_string"}}],"inLanguage":"sk-SK"},{"@type":"Organization","@id":"https:\/\/blumi.photo\/sk\/#organization","name":"blumi.photo","url":"https:\/\/blumi.photo\/sk\/","logo":{"@type":"ImageObject","inLanguage":"sk-SK","@id":"https:\/\/blumi.photo\/sk\/#\/schema\/logo\/image\/","url":"https:\/\/wwwww.blumi.photo\/wp-content\/uploads\/2023\/07\/Blumi_logo2.png","contentUrl":"https:\/\/wwwww.blumi.photo\/wp-content\/uploads\/2023\/07\/Blumi_logo2.png","width":374,"height":144,"caption":"blumi.photo"},"image":{"@id":"https:\/\/blumi.photo\/sk\/#\/schema\/logo\/image\/"}},{"@type":"Person","@id":"https:\/\/blumi.photo\/sk\/#\/schema\/person\/e7ad2c7810aea2ce661babc4bc21800f","name":"Super Admin","sameAs":["https:\/\/wwwww.blumi.photo"],"url":"https:\/\/blumi.photo\/sk\/author\/infoblumi-photo\/"}]}},"_links":{"self":[{"href":"https:\/\/blumi.photo\/sk\/wp-json\/wp\/v2\/posts\/991","targetHints":{"allow":["GET"]}}],"collection":[{"href":"https:\/\/blumi.photo\/sk\/wp-json\/wp\/v2\/posts"}],"about":[{"href":"https:\/\/blumi.photo\/sk\/wp-json\/wp\/v2\/types\/post"}],"author":[{"embeddable":true,"href":"https:\/\/blumi.photo\/sk\/wp-json\/wp\/v2\/users\/1"}],"replies":[{"embeddable":true,"href":"https:\/\/blumi.photo\/sk\/wp-json\/wp\/v2\/comments?post=991"}],"version-history":[{"count":1,"href":"https:\/\/blumi.photo\/sk\/wp-json\/wp\/v2\/posts\/991\/revisions"}],"predecessor-version":[{"id":11220,"href":"https:\/\/blumi.photo\/sk\/wp-json\/wp\/v2\/posts\/991\/revisions\/11220"}],"wp:attachment":[{"href":"https:\/\/blumi.photo\/sk\/wp-json\/wp\/v2\/media?parent=991"}],"wp:term":[{"taxonomy":"category","embeddable":true,"href":"https:\/\/blumi.photo\/sk\/wp-json\/wp\/v2\/categories?post=991"},{"taxonomy":"post_tag","embeddable":true,"href":"https:\/\/blumi.photo\/sk\/wp-json\/wp\/v2\/tags?post=991"}],"curies":[{"name":"wp","href":"https:\/\/api.w.org\/{rel}","templated":true}]}}